{"id":374,"date":"2019-01-15T07:00:37","date_gmt":"2019-01-15T07:00:37","guid":{"rendered":"http:\/\/zimmerer-holzbauer.de\/web\/?p=374"},"modified":"2019-01-15T07:41:27","modified_gmt":"2019-01-15T07:41:27","slug":"baumesse-2018-im-a2-forum-rheda-wiedenbrueck","status":"publish","type":"post","link":"https:\/\/zimmerer-holzbauer.de\/web\/2019\/01\/15\/baumesse-2018-im-a2-forum-rheda-wiedenbrueck\/","title":{"rendered":"Baumesse 2019 im A2-Forum Rheda-Wiedenbr\u00fcck"},"content":{"rendered":"<p>Die mit rd. 30.000 Besuchern gr\u00f6\u00dfte Messe dieser Art in der Region findet am ersten Februar-Wochenende (01. bis 03.02.2019) im A2-Forum Rheda-Wiedenbr\u00fcck statt. Auch die Zimmerer-Innung ist wieder vor Ort und pr\u00e4sentiert gemeinsam mit namhaften Herstellern die neueste Branchentechnik. Traditionell ist auch das Handwerksbildungszentrum (HBZ) Brackwede auf der Messe vertreten und stellt die vielf\u00e4ltigen Ausbildungsm\u00f6glichkeiten in den Bauberufen vor. An allen drei Messetagen haben Besucher die M\u00f6glichkeit, an Fachvortr\u00e4gen teilzunehmen.<\/p>\n<ul>\n<li><a href=\"https:\/\/zimmerer-holzbauer.de\/web\/download\/1811_08_Vortragsprogramm_Baumesse_final.pdf\" target=\"_blank\" rel=\"noopener\"><span style=\"color: #ff0000;\">Vortragsprogramm Baumesse<\/span><\/a><\/li>\n<\/ul>\n","protected":false},"excerpt":{"rendered":"<p>Die mit rd. 30.000 Besuchern gr\u00f6\u00dfte Messe dieser Art in der Region findet am ersten Februar-Wochenende (01. bis 03.02.2019) im A2-Forum Rheda-Wiedenbr\u00fcck statt. Auch die Zimmerer-Innung ist wieder vor Ort und pr\u00e4sentiert gemeinsam mit namhaften Herstellern die neueste Branchentechnik. Traditionell ist auch das Handwerksbildungszentrum (HBZ) Brackwede auf der Messe vertreten und stellt die vielf\u00e4ltigen Ausbildungsm\u00f6glichkeiten [&hellip;]<\/p>\n","protected":false},"author":1,"featured_media":0,"comment_status":"closed","ping_status":"closed","sticky":false,"template":"","format":"standard","meta":[],"categories":[56],"tags":[],"_links":{"self":[{"href":"https:\/\/zimmerer-holzbauer.de\/web\/wp-json\/wp\/v2\/posts\/374"}],"collection":[{"href":"https:\/\/zimmerer-holzbauer.de\/web\/wp-json\/wp\/v2\/posts"}],"about":[{"href":"https:\/\/zimmerer-holzbauer.de\/web\/wp-json\/wp\/v2\/types\/post"}],"author":[{"embeddable":true,"href":"https:\/\/zimmerer-holzbauer.de\/web\/wp-json\/wp\/v2\/users\/1"}],"replies":[{"embeddable":true,"href":"https:\/\/zimmerer-holzbauer.de\/web\/wp-json\/wp\/v2\/comments?post=374"}],"version-history":[{"count":5,"href":"https:\/\/zimmerer-holzbauer.de\/web\/wp-json\/wp\/v2\/posts\/374\/revisions"}],"predecessor-version":[{"id":467,"href":"https:\/\/zimmerer-holzbauer.de\/web\/wp-json\/wp\/v2\/posts\/374\/revisions\/467"}],"wp:attachment":[{"href":"https:\/\/zimmerer-holzbauer.de\/web\/wp-json\/wp\/v2\/media?parent=374"}],"wp:term":[{"taxonomy":"category","embeddable":true,"href":"https:\/\/zimmerer-holzbauer.de\/web\/wp-json\/wp\/v2\/categories?post=374"},{"taxonomy":"post_tag","embeddable":true,"href":"https:\/\/zimmerer-holzbauer.de\/web\/wp-json\/wp\/v2\/tags?post=374"}],"curies":[{"name":"wp","href":"https:\/\/api.w.org\/{rel}","templated":true}]}}