{"id":471,"date":"2019-01-17T10:18:01","date_gmt":"2019-01-17T10:18:01","guid":{"rendered":"https:\/\/zimmerer-holzbauer.de\/web\/?p=471"},"modified":"2019-01-21T08:04:52","modified_gmt":"2019-01-21T08:04:52","slug":"geschaeftsfuehrerwechsel-bei-der-kreishandwerkerschaft-guetersloh","status":"publish","type":"post","link":"https:\/\/zimmerer-holzbauer.de\/web\/2019\/01\/17\/geschaeftsfuehrerwechsel-bei-der-kreishandwerkerschaft-guetersloh\/","title":{"rendered":"Gesch\u00e4ftsf\u00fchrerwechsel bei der Kreishandwerkerschaft G\u00fctersloh"},"content":{"rendered":"<p>Die Mitgliederversammlung der Kreishandwerkerschaft hat Alexander Kostka zum neuen Gesch\u00e4ftsf\u00fchrer der Kreishandwerkerschaft G\u00fctersloh gew\u00e4hlt. Der 48-j\u00e4hrige Rechtsanwalt war in den letzten Jahren beim Baugewerbeverband Westfalen mit Sitz in Dortmund besch\u00e4ftigt und hat zum 01.01.2019 die Gesch\u00e4ftsf\u00fchrung von Friedhelm Dr\u00fcner, der nach einer kurzen \u00dcbergangsfrist im Februar 2019 in den Ruhestand geht, \u00fcbernommen.<\/p>\n<p><img decoding=\"async\" loading=\"lazy\" class=\"\" src=\"https:\/\/zimmerer-holzbauer.de\/web\/wp-content\/uploads\/2019\/01\/Kostka2.jpg\" alt=\"\" width=\"476\" height=\"357\" \/><\/p>\n","protected":false},"excerpt":{"rendered":"<p>Die Mitgliederversammlung der Kreishandwerkerschaft hat Alexander Kostka zum neuen Gesch\u00e4ftsf\u00fchrer der Kreishandwerkerschaft G\u00fctersloh gew\u00e4hlt. Der 48-j\u00e4hrige Rechtsanwalt war in den letzten Jahren beim Baugewerbeverband Westfalen mit Sitz in Dortmund besch\u00e4ftigt und hat zum 01.01.2019 die Gesch\u00e4ftsf\u00fchrung von Friedhelm Dr\u00fcner, der nach einer kurzen \u00dcbergangsfrist im Februar 2019 in den Ruhestand geht, \u00fcbernommen.<\/p>\n","protected":false},"author":1,"featured_media":0,"comment_status":"closed","ping_status":"closed","sticky":false,"template":"","format":"standard","meta":[],"categories":[56],"tags":[],"_links":{"self":[{"href":"https:\/\/zimmerer-holzbauer.de\/web\/wp-json\/wp\/v2\/posts\/471"}],"collection":[{"href":"https:\/\/zimmerer-holzbauer.de\/web\/wp-json\/wp\/v2\/posts"}],"about":[{"href":"https:\/\/zimmerer-holzbauer.de\/web\/wp-json\/wp\/v2\/types\/post"}],"author":[{"embeddable":true,"href":"https:\/\/zimmerer-holzbauer.de\/web\/wp-json\/wp\/v2\/users\/1"}],"replies":[{"embeddable":true,"href":"https:\/\/zimmerer-holzbauer.de\/web\/wp-json\/wp\/v2\/comments?post=471"}],"version-history":[{"count":2,"href":"https:\/\/zimmerer-holzbauer.de\/web\/wp-json\/wp\/v2\/posts\/471\/revisions"}],"predecessor-version":[{"id":473,"href":"https:\/\/zimmerer-holzbauer.de\/web\/wp-json\/wp\/v2\/posts\/471\/revisions\/473"}],"wp:attachment":[{"href":"https:\/\/zimmerer-holzbauer.de\/web\/wp-json\/wp\/v2\/media?parent=471"}],"wp:term":[{"taxonomy":"category","embeddable":true,"href":"https:\/\/zimmerer-holzbauer.de\/web\/wp-json\/wp\/v2\/categories?post=471"},{"taxonomy":"post_tag","embeddable":true,"href":"https:\/\/zimmerer-holzbauer.de\/web\/wp-json\/wp\/v2\/tags?post=471"}],"curies":[{"name":"wp","href":"https:\/\/api.w.org\/{rel}","templated":true}]}}