{"id":506,"date":"2019-06-24T11:59:50","date_gmt":"2019-06-24T11:59:50","guid":{"rendered":"https:\/\/zimmerer-holzbauer.de\/web\/?p=506"},"modified":"2019-06-24T11:59:50","modified_gmt":"2019-06-24T11:59:50","slug":"tag-des-handwerks-2019","status":"publish","type":"post","link":"https:\/\/zimmerer-holzbauer.de\/web\/2019\/06\/24\/tag-des-handwerks-2019\/","title":{"rendered":"Tag des Handwerks 2019!"},"content":{"rendered":"<p>Das Handwerk in OWL feiert den Tag des Handwerks erstmalig im Rahmen des Bielefelder run &amp; roll day am 08. September 2019!<\/p>\n<p>Der Ostwestfalendamm verwandelt sich an diesem Tag in eine Arena f\u00fcr zahlreiche Wettk\u00e4mpfe. Bei dem 5-km-BiTel-Teamrunning l\u00e4uft das Team Handwerk unter dem Motto: &#8222;JA zum Meister!&#8220;. Gesucht werden noch Meisterinnen und Meister, Gesellinnen und Gesellen sowie Azubis, die Lust haben, das Team Handwerk bei dem Lauf zu unterst\u00fctzen. <a href=\"https:\/\/handwerk-owl.de\/de\/handwerk-regional\/tag-des-handwerks-2019_5_138.html\" target=\"_blank\" rel=\"noopener\">Weitere Informationen gibt es hier!<\/a><\/p>\n<p><img decoding=\"async\" loading=\"lazy\" class=\"\" src=\"https:\/\/zimmerer-holzbauer.de\/web\/wp-content\/uploads\/2019\/06\/content_1559297904_tdh2019__key_visiual.png\" width=\"372\" height=\"450\" \/><\/p>\n","protected":false},"excerpt":{"rendered":"<p>Das Handwerk in OWL feiert den Tag des Handwerks erstmalig im Rahmen des Bielefelder run &amp; roll day am 08. September 2019! Der Ostwestfalendamm verwandelt sich an diesem Tag in eine Arena f\u00fcr zahlreiche Wettk\u00e4mpfe. Bei dem 5-km-BiTel-Teamrunning l\u00e4uft das Team Handwerk unter dem Motto: &#8222;JA zum Meister!&#8220;. Gesucht werden noch Meisterinnen und Meister, Gesellinnen [&hellip;]<\/p>\n","protected":false},"author":1,"featured_media":0,"comment_status":"closed","ping_status":"closed","sticky":false,"template":"","format":"standard","meta":[],"categories":[56],"tags":[],"_links":{"self":[{"href":"https:\/\/zimmerer-holzbauer.de\/web\/wp-json\/wp\/v2\/posts\/506"}],"collection":[{"href":"https:\/\/zimmerer-holzbauer.de\/web\/wp-json\/wp\/v2\/posts"}],"about":[{"href":"https:\/\/zimmerer-holzbauer.de\/web\/wp-json\/wp\/v2\/types\/post"}],"author":[{"embeddable":true,"href":"https:\/\/zimmerer-holzbauer.de\/web\/wp-json\/wp\/v2\/users\/1"}],"replies":[{"embeddable":true,"href":"https:\/\/zimmerer-holzbauer.de\/web\/wp-json\/wp\/v2\/comments?post=506"}],"version-history":[{"count":1,"href":"https:\/\/zimmerer-holzbauer.de\/web\/wp-json\/wp\/v2\/posts\/506\/revisions"}],"predecessor-version":[{"id":507,"href":"https:\/\/zimmerer-holzbauer.de\/web\/wp-json\/wp\/v2\/posts\/506\/revisions\/507"}],"wp:attachment":[{"href":"https:\/\/zimmerer-holzbauer.de\/web\/wp-json\/wp\/v2\/media?parent=506"}],"wp:term":[{"taxonomy":"category","embeddable":true,"href":"https:\/\/zimmerer-holzbauer.de\/web\/wp-json\/wp\/v2\/categories?post=506"},{"taxonomy":"post_tag","embeddable":true,"href":"https:\/\/zimmerer-holzbauer.de\/web\/wp-json\/wp\/v2\/tags?post=506"}],"curies":[{"name":"wp","href":"https:\/\/api.w.org\/{rel}","templated":true}]}}